{"id":8253,"date":"2020-01-20T10:06:37","date_gmt":"2020-01-20T09:06:37","guid":{"rendered":"https:\/\/icebergng.udg.edu\/?p=8253"},"modified":"2021-01-20T10:30:47","modified_gmt":"2021-01-20T09:30:47","slug":"ampliat-el-termini-de-presentacio-de-comunicacions-al-xi-cidui-2020","status":"publish","type":"post","link":"https:\/\/iceberg.udg.edu\/?p=8253","title":{"rendered":"Ampliat el termini de presentaci\u00f3 de comunicacions al XI CIDUI 2020"},"content":{"rendered":"\n<h2 class=\"wp-block-heading\">Nou termini de presentaci\u00f3 de comunicacions: <strong>26\/01\/2020<\/strong><\/h2>\n\n\n\n<p>Podeu enviar la vostra proposta de comunicaci\u00f3 fins el 26 de gener:  <\/p>\n\n\n\n<p><a rel=\"noreferrer noopener\" href=\"https:\/\/www.cidui.org\/congressos-cidui\/xi-congres-cidui-2020\/normativa-general\/\" target=\"_blank\">Informaci\u00f3 sobre el proc\u00e9s de presentaci\u00f3 de comunicacions<\/a><\/p>\n\n\n\n<p>Aquesta edici\u00f3 reflexionar\u00e0 sobre els seg\u00fcents \u00e0mbits tem\u00e0tics en modalitat oral i p\u00f2ster:&nbsp;<\/p>\n\n\n\n<ul class=\"wp-block-list\"><li>Els estudiants en l\u2019era digital<\/li><li>Arquitectures i espais d\u2019aprenentatge<\/li><li>Relaci\u00f3 universitat \u2013 societat<\/li><li>Desenvolupament professional<\/li><\/ul>\n\n\n\n<p><a rel=\"noreferrer noopener\" aria-label=\"Veieu m\u00e9s informaci\u00f3 sobre la tem\u00e0tica i els \u00e0mbits (s'obre en una nova pestanya)\" href=\"https:\/\/www.cidui.org\/congressos-cidui\/xi-congres-cidui-2020\/tematica-i-ambits\/\" target=\"_blank\">Veieu m\u00e9s informaci\u00f3 sobre la tem\u00e0tica i els \u00e0mbits<\/a>.<\/p>\n\n\n\n<p>Com sabeu, el CIDUI d&#8217;enguany tindr\u00e0 lloc a La Farga Centre d\u2019Activitats de l\u2019Hospitalet de Llobregat els dies 1, 2 i 3 de juliol de 2020.<\/p>\n\n\n\n<p><a rel=\"noreferrer noopener\" href=\"https:\/\/www.cidui.org\/congressos-cidui\/xi-congres-cidui-2020\/\" target=\"_blank\">M\u00e9s informaci\u00f3 sobre el Congr\u00e9s<\/a><\/p>\n","protected":false},"excerpt":{"rendered":"<p>\t\t\t\tPodeu enviar la vostra proposta de comunicaci\u00f3 fins el 26 de gener a trav\u00e9s de la web del CIDUI: https:\/\/www.cidui.org <\/p>\n<p>Aquesta edici\u00f3 reflexionar\u00e0 sobre els seg\u00fcents \u00e0mbits tem\u00e0tics en modalitat oral i p\u00f2ster:<br \/>\n&#8211; Els estudiants en l\u2019era digital<br \/>\n&#8211; Arquitectures i espais d\u2019aprenentatge<br \/>\n&#8211; Relaci\u00f3 universitat \u2013 societat<br \/>\n&#8211; Desenvolupament professional<\/p>\n<p>El CIDUI d&#8217;enguany tindr\u00e0 lloc a La Farga Centre d\u2019Activitats de l\u2019Hospitalet de Llobregat els dies 1, 2 i 3 de juliol de 2020.\t\t<\/p>\n","protected":false},"author":2,"featured_media":8254,"comment_status":"open","ping_status":"closed","sticky":false,"template":"","format":"standard","meta":{"footnotes":""},"categories":[23,33],"tags":[],"class_list":["post-8253","post","type-post","status-publish","format-standard","has-post-thumbnail","hentry","category-noticies","category-repassat"],"_links":{"self":[{"href":"https:\/\/iceberg.udg.edu\/index.php?rest_route=\/wp\/v2\/posts\/8253","targetHints":{"allow":["GET"]}}],"collection":[{"href":"https:\/\/iceberg.udg.edu\/index.php?rest_route=\/wp\/v2\/posts"}],"about":[{"href":"https:\/\/iceberg.udg.edu\/index.php?rest_route=\/wp\/v2\/types\/post"}],"author":[{"embeddable":true,"href":"https:\/\/iceberg.udg.edu\/index.php?rest_route=\/wp\/v2\/users\/2"}],"replies":[{"embeddable":true,"href":"https:\/\/iceberg.udg.edu\/index.php?rest_route=%2Fwp%2Fv2%2Fcomments&post=8253"}],"version-history":[{"count":1,"href":"https:\/\/iceberg.udg.edu\/index.php?rest_route=\/wp\/v2\/posts\/8253\/revisions"}],"predecessor-version":[{"id":12284,"href":"https:\/\/iceberg.udg.edu\/index.php?rest_route=\/wp\/v2\/posts\/8253\/revisions\/12284"}],"wp:featuredmedia":[{"embeddable":true,"href":"https:\/\/iceberg.udg.edu\/index.php?rest_route=\/wp\/v2\/media\/8254"}],"wp:attachment":[{"href":"https:\/\/iceberg.udg.edu\/index.php?rest_route=%2Fwp%2Fv2%2Fmedia&parent=8253"}],"wp:term":[{"taxonomy":"category","embeddable":true,"href":"https:\/\/iceberg.udg.edu\/index.php?rest_route=%2Fwp%2Fv2%2Fcategories&post=8253"},{"taxonomy":"post_tag","embeddable":true,"href":"https:\/\/iceberg.udg.edu\/index.php?rest_route=%2Fwp%2Fv2%2Ftags&post=8253"}],"curies":[{"name":"wp","href":"https:\/\/api.w.org\/{rel}","templated":true}]}}