{"id":9406,"date":"2020-06-26T11:10:58","date_gmt":"2020-06-26T09:10:58","guid":{"rendered":"https:\/\/icebergng.udg.edu\/?p=9406"},"modified":"2020-12-22T11:31:25","modified_gmt":"2020-12-22T10:31:25","slug":"dret-a-la-proteccio-de-les-dades-personals-i-dret-a-la-propia-imatge-grup-1","status":"publish","type":"post","link":"https:\/\/iceberg.udg.edu\/?p=9406","title":{"rendered":"Webinar. Dret a la protecci\u00f3 de les dades personals i dret a la pr\u00f2pia imatge"},"content":{"rendered":"\n<p><strong>A c\u00e0rrec de:  <\/strong>Josep Matas. Delegat de protecci\u00f3 de dades. Universitat de Girona.<\/p>\n\n\n\n<p>En aquest webinar s&#8217;introduiran els principals aspectes a tenir en compte en relaci\u00f3 a la protecci\u00f3 de dades personals en l&#8217;activitat docent i de recerca, aix\u00ed com els aspectes b\u00e0sics sobre la protecci\u00f3 del dret a la imatge i la normativa i protocols de refer\u00e8ncia. <\/p>\n\n\n\n<p>Tamb\u00e9, es resoldran les consultes i dubtes plantejats per part dels participants. <\/p>\n\n\n\n<p>La documentaci\u00f3 i el material de treball estaran disponibles en el curs de Moodle&nbsp;\u201cEntorn UdG: qu\u00e8 \u00e9s el que has de saber?\u201d&nbsp;accessible a trav\u00e9s de La Meva (pestanya Doc\u00e8ncia). <\/p>\n\n\n\n<p>Es realitzaran 2 grups:<\/p>\n\n\n\n<ul class=\"wp-block-list\"><li><strong>Grup 1:  <\/strong>10 de juliol de 2020 de 12h a 13.30h<\/li><li><strong>Grup 2:<\/strong>  17 de juliol de 2020 de 12h a 13.30h<\/li><\/ul>\n\n\n\n<p><strong><a rel=\"noreferrer noopener\" aria-label=\"Veure el programa (s'obre en una nova pestanya)\" href=\"https:\/\/apps.udg.edu\/MAU\/ice\/Client\/Oferta\/Detall\/5530?apart=0\" target=\"_blank\">Veure el programa<\/a><\/strong><\/p>\n\n\n\n<figure class=\"wp-block-image\"><img loading=\"lazy\" decoding=\"async\" width=\"1024\" height=\"374\" src=\"https:\/\/iceberg.udg.edu\/wp-content\/uploads\/2020\/06\/videoconferenceretallat-1024x374.jpg\" alt=\"\" class=\"wp-image-9512\" srcset=\"https:\/\/iceberg.udg.edu\/wp-content\/uploads\/2020\/06\/videoconferenceretallat-1024x374.jpg 1024w, https:\/\/iceberg.udg.edu\/wp-content\/uploads\/2020\/06\/videoconferenceretallat-300x109.jpg 300w, https:\/\/iceberg.udg.edu\/wp-content\/uploads\/2020\/06\/videoconferenceretallat-768x280.jpg 768w, https:\/\/iceberg.udg.edu\/wp-content\/uploads\/2020\/06\/videoconferenceretallat-1536x560.jpg 1536w, https:\/\/iceberg.udg.edu\/wp-content\/uploads\/2020\/06\/videoconferenceretallat-1320x482.jpg 1320w, https:\/\/iceberg.udg.edu\/wp-content\/uploads\/2020\/06\/videoconferenceretallat.jpg 1598w\" sizes=\"auto, (max-width: 1024px) 100vw, 1024px\" \/><\/figure>\n\n\n\n<p>Aquest webinar forma part del curs m\u00e9s ampli sobre \u201cEntorn UdG: qu\u00e8 \u00e9s el que has de saber?\u201d adre\u00e7at a tot el PDI i que inclou aspectes referits a les tem\u00e0tiques seg\u00fcents: <\/p>\n\n\n\n<ul class=\"wp-block-list\"><li>Seguretat i salut en l\u2019activitat docent en situaci\u00f3 d\u2019alerta sanit\u00e0ria COVI19<\/li><li>Protecci\u00f3 de dades i dret a la imatge<\/li><li>Drets d\u2019autor: crear, reutilitzar i difondre<\/li><li>Llibre d\u2019estil UdG: pautes d\u2019\u00fas en materials docents<\/li><\/ul>\n\n\n\n<p>Es tracta d\u2019una formaci\u00f3 en \u00e0mbits considerats imprescindibles per desenvolupar la tasca docent a la Universitat de Girona.&nbsp;<\/p>\n\n\n\n<p>Aquesta formaci\u00f3 inclou, d\u2019una banda, un curs Moodle amb documentaci\u00f3 i material de treball aut\u00f2nom que s\u2019anir\u00e0 actualitzat i completant durant la primera quinzena de juliol. Aquest curs es considera de realitzaci\u00f3 obligada per part de tot el PDI de la UdG. El trobareu habilitat a La Meva, dins l\u2019apartat de Doc\u00e8ncia i hi restar\u00e0 obert sense l\u00edmit de calendari. L\u2019ICE expedir\u00e0 una certificaci\u00f3 que n\u2019acreditar\u00e0 la seva realitzaci\u00f3 i compleci\u00f3.&nbsp;<\/p>\n\n\n\n<p>D\u2019altra banda, s\u2019ofereixen una s\u00e8rie de webinars, de realitzaci\u00f3 opcional, en els quals es presentaran els elements b\u00e0sics de cada tem\u00e0tica i es resoldran dubtes i consultes del PDI que hi participi. L\u2019ICE expedir\u00e0 tamb\u00e9 una certificaci\u00f3 al PDI que els realitzi.&nbsp;<\/p>\n\n\n\n<p>Paral\u00b7lelament, s\u2019estan organitzant tamb\u00e9 altres formacions sobre l\u2019\u00fas docent de la plataforma Moodle i sobre les diferents eines de treball no presencial que s\u2019utilitzaran el curs vinent (Blackboard Collaborate, Microsoft Teams).<\/p>\n\n\n\n<p><strong>Lloc: <\/strong>Es realitzar\u00e0 amb la plataforma Google Meet. S&#8217;enviar\u00e0 un enlla\u00e7 als participants per accedir a la sessi\u00f3.&nbsp;<a rel=\"noreferrer noopener\" target=\"_blank\" href=\"https:\/\/exchange.udg.edu\/owa\/redir.aspx?C=a4qS-aXgkd9rC7QJnIxtCM7evphM6Snfa6w5nLH7O_RZ0n803uHXCA..&amp;URL=https%3a%2f%2ficeberg.udg.edu%2fdocencianopresencial%2f\">Informaci\u00f3 sobre Google Meet<\/a><\/p>\n\n\n\n<p><a href=\"https:\/\/apps.udg.edu\/MAU\/ice\/Client\/Oferta\/Detall\/5530?apart=0\" target=\"_blank\" rel=\"noreferrer noopener\" aria-label=\"M\u00e9s informaci\u00f3 i matr\u00edcula (s'obre en una nova pestanya)\">M\u00e9s informaci\u00f3 i matr\u00edcula<\/a><\/p>\n\n\n\n<p><strong>Organitza: <\/strong>Institut de Ci\u00e8ncies de l&#8217;Educaci\u00f3 Josep Pallach<\/p>\n","protected":false},"excerpt":{"rendered":"<p>\t\t\t\tEn aquest webinar s&#8217;introduiran els principals aspectes a tenir en compte en relaci\u00f3 a la protecci\u00f3 de dades personals en l&#8217;activitat docent i de recerca, aix\u00ed com els aspectes b\u00e0sics sobre la protecci\u00f3 del dret a la imatge i la normativa i protocols de refer\u00e8ncia.<br \/>\nTamb\u00e9, es resoldran les consultes i dubtes plantejats per part dels participants.<br \/>\nEs realitzaran 2 grups, un el dia 10 de juliol i l&#8217;altre el dia 17 de juliol.\t\t<\/p>\n","protected":false},"author":2,"featured_media":9428,"comment_status":"open","ping_status":"closed","sticky":false,"template":"","format":"standard","meta":{"footnotes":""},"categories":[20,33],"tags":[],"class_list":["post-9406","post","type-post","status-publish","format-standard","has-post-thumbnail","hentry","category-activitats","category-repassat"],"_links":{"self":[{"href":"https:\/\/iceberg.udg.edu\/index.php?rest_route=\/wp\/v2\/posts\/9406","targetHints":{"allow":["GET"]}}],"collection":[{"href":"https:\/\/iceberg.udg.edu\/index.php?rest_route=\/wp\/v2\/posts"}],"about":[{"href":"https:\/\/iceberg.udg.edu\/index.php?rest_route=\/wp\/v2\/types\/post"}],"author":[{"embeddable":true,"href":"https:\/\/iceberg.udg.edu\/index.php?rest_route=\/wp\/v2\/users\/2"}],"replies":[{"embeddable":true,"href":"https:\/\/iceberg.udg.edu\/index.php?rest_route=%2Fwp%2Fv2%2Fcomments&post=9406"}],"version-history":[{"count":1,"href":"https:\/\/iceberg.udg.edu\/index.php?rest_route=\/wp\/v2\/posts\/9406\/revisions"}],"predecessor-version":[{"id":12193,"href":"https:\/\/iceberg.udg.edu\/index.php?rest_route=\/wp\/v2\/posts\/9406\/revisions\/12193"}],"wp:featuredmedia":[{"embeddable":true,"href":"https:\/\/iceberg.udg.edu\/index.php?rest_route=\/wp\/v2\/media\/9428"}],"wp:attachment":[{"href":"https:\/\/iceberg.udg.edu\/index.php?rest_route=%2Fwp%2Fv2%2Fmedia&parent=9406"}],"wp:term":[{"taxonomy":"category","embeddable":true,"href":"https:\/\/iceberg.udg.edu\/index.php?rest_route=%2Fwp%2Fv2%2Fcategories&post=9406"},{"taxonomy":"post_tag","embeddable":true,"href":"https:\/\/iceberg.udg.edu\/index.php?rest_route=%2Fwp%2Fv2%2Ftags&post=9406"}],"curies":[{"name":"wp","href":"https:\/\/api.w.org\/{rel}","templated":true}]}}