{"id":9440,"date":"2020-06-29T12:09:57","date_gmt":"2020-06-29T10:09:57","guid":{"rendered":"https:\/\/icebergng.udg.edu\/?p=9440"},"modified":"2020-12-22T11:26:42","modified_gmt":"2020-12-22T10:26:42","slug":"webinar-llibre-destil-udg-pautes-dus-en-materials-docents-grup-1","status":"publish","type":"post","link":"https:\/\/iceberg.udg.edu\/?p=9440","title":{"rendered":"Webinar. Llibre d&#8217;estil UdG: pautes d&#8217;\u00fas en materials docents"},"content":{"rendered":"\n<p><strong>A c\u00e0rrec de:&nbsp;<\/strong>Marc Vicens. Servei de Publicacions de la UdG<\/p>\n\n\n\n<p>En aquest webinar es presentaran els principals aspectes a tenir en compte en relaci\u00f3 a la imatge gr\u00e0fica i corporativa de la UdG, el llibre d&#8217;estil i la seva aplicaci\u00f3 als materials docents. Aix\u00ed mateix, es resoldran les consultes i dubtes plantejats per part dels participants.<\/p>\n\n\n\n<p>La documentaci\u00f3 i el material de treball estaran disponibles en el curs de Moodle&nbsp;\u201cEntorn UdG: qu\u00e8 \u00e9s el que has de saber?\u201d&nbsp;accessible a trav\u00e9s de La Meva (pestanya Doc\u00e8ncia).<\/p>\n\n\n\n<p>Es realitzaran 2 grups: <\/p>\n\n\n\n<ul class=\"wp-block-list\"><li><strong>Grup 1: <\/strong> 16 de juliol de 2020 de 12h a 13h<\/li><li><strong>Grup 2:<\/strong>  20 de juliol de 2020 de 12h a 13h<\/li><\/ul>\n\n\n\n<p><strong><a rel=\"noreferrer noopener\" aria-label=\"Programa  (s'obre en una nova pestanya)\" href=\"https:\/\/apps.udg.edu\/MAU\/ice\/Client\/Oferta\/Detall\/5533?apart=0\" target=\"_blank\">Veure el programa<\/a><\/strong><\/p>\n\n\n\n<figure class=\"wp-block-image\"><img loading=\"lazy\" decoding=\"async\" width=\"1024\" height=\"311\" src=\"https:\/\/iceberg.udg.edu\/wp-content\/uploads\/2020\/06\/brand-identity2-1024x311.jpg\" alt=\"\" class=\"wp-image-9504\" srcset=\"https:\/\/iceberg.udg.edu\/wp-content\/uploads\/2020\/06\/brand-identity2-1024x311.jpg 1024w, https:\/\/iceberg.udg.edu\/wp-content\/uploads\/2020\/06\/brand-identity2-300x91.jpg 300w, https:\/\/iceberg.udg.edu\/wp-content\/uploads\/2020\/06\/brand-identity2-768x233.jpg 768w, https:\/\/iceberg.udg.edu\/wp-content\/uploads\/2020\/06\/brand-identity2-1536x466.jpg 1536w, https:\/\/iceberg.udg.edu\/wp-content\/uploads\/2020\/06\/brand-identity2-1320x400.jpg 1320w, https:\/\/iceberg.udg.edu\/wp-content\/uploads\/2020\/06\/brand-identity2.jpg 1906w\" sizes=\"auto, (max-width: 1024px) 100vw, 1024px\" \/><\/figure>\n\n\n\n<p>Aquest webinar forma part del curs m\u00e9s ampli sobre \u201cEntorn UdG: qu\u00e8 \u00e9s el que has de saber?\u201d adre\u00e7at a tot el PDI i que inclou aspectes referits a les tem\u00e0tiques seg\u00fcents:<\/p>\n\n\n\n<ul class=\"wp-block-list\"><li>Seguretat i salut en l\u2019activitat docent en situaci\u00f3 d\u2019alerta sanit\u00e0ria COVI19<\/li><li>Protecci\u00f3 de dades i dret a la imatge<\/li><li>Drets d\u2019autor: crear, reutilitzar i difondre<\/li><li>Llibre d\u2019estil UdG: pautes d\u2019\u00fas en materials docents<\/li><\/ul>\n\n\n\n<p>Es tracta d\u2019una formaci\u00f3 en \u00e0mbits considerats imprescindibles per desenvolupar la tasca docent a la Universitat de Girona.<\/p>\n\n\n\n<p>Aquesta formaci\u00f3 inclou, d\u2019una banda, un curs Moodle amb documentaci\u00f3 i material de treball aut\u00f2nom que s\u2019anir\u00e0 actualitzat i completant durant la primera quinzena de juliol. Aquest curs es considera de realitzaci\u00f3 obligada per part de tot el PDI de la UdG. El trobareu habilitat a La Meva, dins l\u2019apartat de Doc\u00e8ncia i hi restar\u00e0 obert sense l\u00edmit de calendari. L\u2019ICE expedir\u00e0 una certificaci\u00f3 que n\u2019acreditar\u00e0 la seva realitzaci\u00f3 i compleci\u00f3.<\/p>\n\n\n\n<p>D\u2019altra banda, s\u2019ofereixen una s\u00e8rie de webinars, de realitzaci\u00f3 opcional, en els quals es presentaran els elements b\u00e0sics de cada tem\u00e0tica i es resoldran dubtes i consultes del PDI que hi participi. L\u2019ICE expedir\u00e0 tamb\u00e9 una certificaci\u00f3 al PDI que els realitzi.<\/p>\n\n\n\n<p>Paral\u00b7lelament, s\u2019estan organitzant tamb\u00e9 altres formacions sobre l\u2019\u00fas docent de la plataforma Moodle i sobre les diferents eines de treball no presencial que s\u2019utilitzaran el curs vinent (Blackboard Collaborate, Microsoft Teams).  <\/p>\n\n\n\n<p><strong>Lloc: <\/strong>Es realitzar\u00e0 amb la plataforma Google Meet. S&#8217;enviar\u00e0 un enlla\u00e7 als participants per accedir a la sessi\u00f3. <a rel=\"noreferrer noopener\" target=\"_blank\" href=\"https:\/\/exchange.udg.edu\/owa\/redir.aspx?C=a4qS-aXgkd9rC7QJnIxtCM7evphM6Snfa6w5nLH7O_RZ0n803uHXCA..&amp;URL=https%3a%2f%2ficeberg.udg.edu%2fdocencianopresencial%2f\">Informaci\u00f3 sobre Google Meet<\/a>.<\/p>\n\n\n\n<p><a rel=\"noreferrer noopener\" aria-label=\"M\u00e9s informaci\u00f3 i matr\u00edcula  (s'obre en una nova pestanya)\" href=\"https:\/\/apps.udg.edu\/MAU\/ice\/Client\/Oferta\/Detall\/5533?apart=0\" target=\"_blank\">M\u00e9s informaci\u00f3 i matr\u00edcula<\/a><\/p>\n\n\n\n<p>Organitza: Institut de Ci\u00e8ncies de l&#8217;Educaci\u00f3 Josep Pallach<\/p>\n","protected":false},"excerpt":{"rendered":"<p>\t\t\t\tEn aquest webinar es presentaran els principals aspectes a tenir en compte en relaci\u00f3 a la imatge gr\u00e0fica i corporativa de la UdG, el llibre d&#8217;estil i la seva aplicaci\u00f3 als materials docents.<br \/>\nAix\u00ed mateix, es resoldran les consultes i dubtes plantejats per part dels participants.<br \/>\nEs realitzaran 2 grups, un el dia 16 de juliol i l&#8217;altre el dia 20 de juliol.\t\t<\/p>\n","protected":false},"author":2,"featured_media":9448,"comment_status":"open","ping_status":"closed","sticky":false,"template":"","format":"standard","meta":{"footnotes":""},"categories":[20,33],"tags":[],"class_list":["post-9440","post","type-post","status-publish","format-standard","has-post-thumbnail","hentry","category-activitats","category-repassat"],"_links":{"self":[{"href":"https:\/\/iceberg.udg.edu\/index.php?rest_route=\/wp\/v2\/posts\/9440","targetHints":{"allow":["GET"]}}],"collection":[{"href":"https:\/\/iceberg.udg.edu\/index.php?rest_route=\/wp\/v2\/posts"}],"about":[{"href":"https:\/\/iceberg.udg.edu\/index.php?rest_route=\/wp\/v2\/types\/post"}],"author":[{"embeddable":true,"href":"https:\/\/iceberg.udg.edu\/index.php?rest_route=\/wp\/v2\/users\/2"}],"replies":[{"embeddable":true,"href":"https:\/\/iceberg.udg.edu\/index.php?rest_route=%2Fwp%2Fv2%2Fcomments&post=9440"}],"version-history":[{"count":2,"href":"https:\/\/iceberg.udg.edu\/index.php?rest_route=\/wp\/v2\/posts\/9440\/revisions"}],"predecessor-version":[{"id":12190,"href":"https:\/\/iceberg.udg.edu\/index.php?rest_route=\/wp\/v2\/posts\/9440\/revisions\/12190"}],"wp:featuredmedia":[{"embeddable":true,"href":"https:\/\/iceberg.udg.edu\/index.php?rest_route=\/wp\/v2\/media\/9448"}],"wp:attachment":[{"href":"https:\/\/iceberg.udg.edu\/index.php?rest_route=%2Fwp%2Fv2%2Fmedia&parent=9440"}],"wp:term":[{"taxonomy":"category","embeddable":true,"href":"https:\/\/iceberg.udg.edu\/index.php?rest_route=%2Fwp%2Fv2%2Fcategories&post=9440"},{"taxonomy":"post_tag","embeddable":true,"href":"https:\/\/iceberg.udg.edu\/index.php?rest_route=%2Fwp%2Fv2%2Ftags&post=9440"}],"curies":[{"name":"wp","href":"https:\/\/api.w.org\/{rel}","templated":true}]}}