{"id":9962,"date":"2020-11-04T09:37:52","date_gmt":"2020-11-04T08:37:52","guid":{"rendered":"https:\/\/icebergng.udg.edu\/?p=9962"},"modified":"2023-04-26T09:08:54","modified_gmt":"2023-04-26T07:08:54","slug":"segona-edicio-del-premi-dinnovacio-docent-iceberg-udg","status":"publish","type":"post","link":"https:\/\/iceberg.udg.edu\/?p=9962","title":{"rendered":"Segona edici\u00f3 del Premi d\u2019innovaci\u00f3 docent ICEberg UdG."},"content":{"rendered":"\n<p>El passat 30 de setembre va finalitzar el termini per presentar projectes al Premi d&#8217;Innovaci\u00f3 Docent ICEberg. <\/p>\n\n\n\n<p>L\u2019<a rel=\"noreferrer noopener\" aria-label=\"Institut de Ci\u00e8ncies de l\u2019Educaci\u00f3 Josep Pallach (s'obre en una nova pestanya)\" href=\"https:\/\/www.udg.edu\/ca\/ice\/\" target=\"_blank\">Institut de Ci\u00e8ncies de l\u2019Educaci\u00f3 Josep Pallach<\/a> va convocar aquesta segona edici\u00f3 del Premi ICEberg UdG, amb la finalitat de fomentar la innovaci\u00f3 docent a la Universitat de Girona i premiar les millors iniciatives dutes a terme en el context d\u2019un o varis estudis de la Universitat de Girona.<\/p>\n\n\n\n<p>L&#8217;adjudicaci\u00f3 del Premi d&#8217;enguany es far\u00e0 p\u00fablica abans del 21 de desembre de 2020.<\/p>\n\n\n\n<p>El premi consisteix en: <\/p>\n\n\n\n<ol class=\"wp-block-list\"><li>La gravaci\u00f3 d\u2019un v\u00eddeo curt de difusi\u00f3 de l\u2019experi\u00e8ncia premiada.<\/li><li>Un ajut per participar en un congr\u00e9s de doc\u00e8ncia universit\u00e0ria internacional  presentant aquesta experi\u00e8ncia.<\/li><\/ol>\n\n\n\n<figure class=\"wp-block-image\"><img loading=\"lazy\" decoding=\"async\" width=\"1279\" height=\"230\" src=\"https:\/\/iceberg.udg.edu\/wp-content\/uploads\/2020\/06\/iceberg-capcalera.png\" alt=\"\" class=\"wp-image-9346\" srcset=\"https:\/\/iceberg.udg.edu\/wp-content\/uploads\/2020\/06\/iceberg-capcalera.png 1279w, https:\/\/iceberg.udg.edu\/wp-content\/uploads\/2020\/06\/iceberg-capcalera-300x54.png 300w, https:\/\/iceberg.udg.edu\/wp-content\/uploads\/2020\/06\/iceberg-capcalera-1024x184.png 1024w, https:\/\/iceberg.udg.edu\/wp-content\/uploads\/2020\/06\/iceberg-capcalera-768x138.png 768w\" sizes=\"auto, (max-width: 1279px) 100vw, 1279px\" \/><\/figure>\n\n\n\n<p>Consulteu les bases del Premi<\/p>\n","protected":false},"excerpt":{"rendered":"<p>\t\t\t\tL\u2019ICE va convocar aquesta segona edici\u00f3 del Premi ICEberg UdG, amb la finalitat de fomentar la innovaci\u00f3 docent a la Universitat de Girona i premiar les millors iniciatives dutes a terme en el context d\u2019un o varis estudis.<br \/>\nEl passat 30 de setembre va finalitzar el termini per presentar projectes. L&#8217;adjudicaci\u00f3 es far\u00e0 p\u00fablica abans del 21 de desembre.\t\t<\/p>\n","protected":false},"author":2,"featured_media":8294,"comment_status":"open","ping_status":"closed","sticky":false,"template":"","format":"standard","meta":{"footnotes":""},"categories":[23,33],"tags":[],"class_list":["post-9962","post","type-post","status-publish","format-standard","has-post-thumbnail","hentry","category-noticies","category-repassat"],"_links":{"self":[{"href":"https:\/\/iceberg.udg.edu\/index.php?rest_route=\/wp\/v2\/posts\/9962","targetHints":{"allow":["GET"]}}],"collection":[{"href":"https:\/\/iceberg.udg.edu\/index.php?rest_route=\/wp\/v2\/posts"}],"about":[{"href":"https:\/\/iceberg.udg.edu\/index.php?rest_route=\/wp\/v2\/types\/post"}],"author":[{"embeddable":true,"href":"https:\/\/iceberg.udg.edu\/index.php?rest_route=\/wp\/v2\/users\/2"}],"replies":[{"embeddable":true,"href":"https:\/\/iceberg.udg.edu\/index.php?rest_route=%2Fwp%2Fv2%2Fcomments&post=9962"}],"version-history":[{"count":3,"href":"https:\/\/iceberg.udg.edu\/index.php?rest_route=\/wp\/v2\/posts\/9962\/revisions"}],"predecessor-version":[{"id":16217,"href":"https:\/\/iceberg.udg.edu\/index.php?rest_route=\/wp\/v2\/posts\/9962\/revisions\/16217"}],"wp:featuredmedia":[{"embeddable":true,"href":"https:\/\/iceberg.udg.edu\/index.php?rest_route=\/wp\/v2\/media\/8294"}],"wp:attachment":[{"href":"https:\/\/iceberg.udg.edu\/index.php?rest_route=%2Fwp%2Fv2%2Fmedia&parent=9962"}],"wp:term":[{"taxonomy":"category","embeddable":true,"href":"https:\/\/iceberg.udg.edu\/index.php?rest_route=%2Fwp%2Fv2%2Fcategories&post=9962"},{"taxonomy":"post_tag","embeddable":true,"href":"https:\/\/iceberg.udg.edu\/index.php?rest_route=%2Fwp%2Fv2%2Ftags&post=9962"}],"curies":[{"name":"wp","href":"https:\/\/api.w.org\/{rel}","templated":true}]}}